{"id":728,"date":"2021-08-21T16:13:04","date_gmt":"2021-08-21T16:13:04","guid":{"rendered":"http:\/\/experimentalurbanism.com\/?p=728"},"modified":"2021-08-22T07:19:25","modified_gmt":"2021-08-22T07:19:25","slug":"kogo-smieszy-zagospodarowanie-placu-w-wieleniu","status":"publish","type":"post","link":"https:\/\/experimentalurbanism.com\/index.php\/2021\/08\/21\/kogo-smieszy-zagospodarowanie-placu-w-wieleniu\/","title":{"rendered":"KOGO \u015aMIESZY ZAGOSPODAROWANIE PLACU W WIELENIU?"},"content":{"rendered":"\n<figure class=\"wp-block-image size-large\"><img loading=\"lazy\" width=\"1024\" height=\"768\" src=\"http:\/\/experimentalurbanism.com\/wp-content\/uploads\/2021\/08\/memy_prostokat-44-1024x768.jpg\" alt=\"\" class=\"wp-image-729\" srcset=\"https:\/\/experimentalurbanism.com\/wp-content\/uploads\/2021\/08\/memy_prostokat-44-1024x768.jpg 1024w, https:\/\/experimentalurbanism.com\/wp-content\/uploads\/2021\/08\/memy_prostokat-44-300x225.jpg 300w, https:\/\/experimentalurbanism.com\/wp-content\/uploads\/2021\/08\/memy_prostokat-44-768x576.jpg 768w, https:\/\/experimentalurbanism.com\/wp-content\/uploads\/2021\/08\/memy_prostokat-44-1536x1152.jpg 1536w, https:\/\/experimentalurbanism.com\/wp-content\/uploads\/2021\/08\/memy_prostokat-44-2048x1536.jpg 2048w\" sizes=\"(max-width: 767px) 89vw, (max-width: 1000px) 54vw, (max-width: 1071px) 543px, 580px\" \/><\/figure>\n\n\n\n<p>Zalet\u0105 (i wad\u0105) mema urbanistycznego jest to, \u017ce skomplikowane problemy i procesy gospodarki przestrzennej przedstawia w formie jednego obrazka ilustruj\u0105cego konkretn\u0105 sytuacj\u0119, kt\u00f3ra w zamy\u015ble autorki lub autora tego opracowania stanowi przyk\u0142ad czy uciele\u015bnienie wi\u0119kszego zjawiska lub skutk\u00f3w jego zaj\u015bcia. Stanowi wi\u0119c graficzn\u0105 wersj\u0119 figury retorycznej <em>pars pro toto<\/em> opatrzon\u0105 stosownym, czyli prze\u015bmiewczym komentarzem. Dzi\u0119ki jego ekspersyjnej strukturze mema mo\u017cemy obejrze\u0107, a w\u0142a\u015bciwie szybko wy\u0142oni\u0107 z medialnego szumu i poch\u0142on\u0105\u0107 wzrokiem, najpierw si\u0119 \u015bmia\u0107 z jego tre\u015bci, a potem ze zrezygnowaniem nad ni\u0105 duma\u0107. Zwie\u0144czeniem tego prostego do\u015bwiadczenia estetycznego jest zazwyczaj niezbyt wyrafinowana refleksja sprowadzaj\u0105ca si\u0119 do hasztagowego has\u0142a \u201eDaily Poland\u201d lub \u201eDzie\u0144 dobry w Polsce\u201d. Skoro bawi, to w czym problem?<\/p>\n\n\n\n<p>Ot\u00f3\u017c polska codzienno\u015b\u0107 to nie tylko betonoza, samochodoza, szyldoza, s\u0142upkoza i \u017cniwa na polach uprawnych mi\u0119dzy blokami nowych osiedli deweloperskich zlokalizowanych w bli\u017cej nieokre\u015blonym miejscu, z kt\u00f3rego wida\u0107 tylko inne bli\u017cej nieokre\u015blone miejsca. Memy mog\u0105 skutecznie kastrowa\u0107 nasze my\u015blenie i tworzy\u0107 z\u0142udzenie, \u017ce dotykamy istoty rzeczy, gdy tymczasem zajmujemy si\u0119 tylko emocjonalnym wy\u0142adowaniem w rozrywce. K\u0142opot ze \u015bmiechem jest taki, \u017ce nie tylko pozwala nam pozby\u0107 si\u0119 zb\u0119dnego zad\u0119cia i ukaza\u0107 sprawy pono\u0107 wielkie jako faktycznie ma\u0142e (dlatego tak zdrowe jest drwienie z wypowiedzi niekt\u00f3rych architektek i architekt\u00f3w o architekturze, kt\u00f3re zwyk\u0142\u0105 dzia\u0142alno\u015b\u0107 projektow\u0105 zamieniaj\u0105 w misterium). \u015amiech mo\u017ce by\u0107 znakomitym or\u0119\u017cem postawy konserwatywnej, poniewa\u017c zwalnia nas z wysi\u0142ku docierania do prawdziwych problem\u00f3w i realnego zaanga\u017cowania.<\/p>\n\n\n\n<p>Ostatnia burza memicznego rechotu przetoczy\u0142a si\u0119 nad placem Nowego Miasta w Wieleniu, wielofunkcyjn\u0105 przestrzeni\u0105 publiczn\u0105 i jednocze\u015bnie targowiskiem miejskim \u2013 zgodnie z deklaracjami w\u0142adz samorz\u0105dowych, albo sztandarowym przyk\u0142adem betonozy \u2013 jak chc\u0105 osoby uczestnicz\u0105ce w tej burzy. O patologicznej warto\u015bci tej kreacji mia\u0142a za\u015bwiadcza\u0107 ustawiona na \u015brodku placu rze\u017aba przedstawiaj\u0105ca d\u0105b. Monument upami\u0119tnia jednak \u2013 mo\u017cliwe, \u017ce w spos\u00f3b niewyszukany \u2013 wr\u0119czan\u0105 co roku nagrod\u0119 spo\u0142eczno-gospodarcz\u0105 burmistrzyni. Na pewno nie jest pomnikiem wyr\u0119bu.<\/p>\n\n\n\n<p>Wiele\u0144 to w\u0142a\u015bciwie trzy pi\u0119kne miejsca: cz\u0119\u015b\u0107 po\u0142udniowa rozwijaj\u0105ca si\u0119 od okresu \u015bredniowiecza jako strategiczny gr\u00f3d, a potem o\u015brodek miejski, cz\u0119\u015b\u0107 p\u00f3\u0142nocna dzia\u0142aj\u0105ca od ko\u0144ca XIX wieku jako niezale\u017cna miejscowo\u015b\u0107, a tak\u017ce po\u0142o\u017cona mi\u0119dzy nimi malownicza dolina Noteci. Obecnie to jedna gmina, kt\u00f3ra nie uprawia samorz\u0105dowego greenwashingu (i na przyk\u0142ad sadzi \u0142\u0105ki kwietne mi\u0119dzy jezdniami, a jednocze\u015bnie zani\u017ca do zera wska\u017aniki powierzchni biologicznie czynnej w planach miejscowych). To zielone ma\u0142e miasto, po kt\u00f3rym mo\u017cna by\u0142oby si\u0119 sprawnie porusza\u0107 na rowerze, gdyby g\u0142\u00f3wna ulica (droga wojew\u00f3dzka nr 177, na za\u0142\u0105czonym zdj\u0119ciu) by\u0142a wyposa\u017cona w odpowiedni\u0105 infrastruktur\u0119 i rowerzystka przemierzaj\u0105ca mi\u0119dzynarodowy szlak R-1 nie dr\u017ca\u0142a o swoje \u017cycie za ka\u017cdym razem, gdy obok niej mijaj\u0105 si\u0119 dwa samochody ci\u0119\u017carowe.<\/p>\n\n\n\n<p>Rozwi\u0105zanie wiele\u0144skiego placu nie jest zamachem na ziele\u0144 w Polsce, a przeciwstawiany mu remont rynku w Skierniewicach jej nie ratuje. Ka\u017cda z tych inwestycji ma znaczenie lokalne, a nie systemowe. Po prostu s\u0105 miejsca, gdzie nale\u017cy wytworzy\u0107 pust\u0105 utwardzon\u0105 nawierzchni\u0119, i miejsca, kt\u00f3re warto, a nawet trzeba zazieleni\u0107, gdy\u017c taki pomys\u0142 wynika z szerszej analizy. Bilans ekologiczny miasta lepiej wykonywa\u0107 w odpowiedniej skali, a nie w kadrze zdj\u0119cia, poniewa\u017c tylko wtedy mo\u017cemy wypracowa\u0107 sensown\u0105 i skuteczn\u0105 strategi\u0119 poprawy zagospodarowania przestrzennego zgodnie z globalnymi celami klimatycznymi.<\/p>\n\n\n\n<p>Tak, dobre memy s\u0105 zawsze \u015bmieszne, cho\u0107 rzadko trafiaj\u0105 w sedno, rozrywkowe preludium powinno by\u0107 wi\u0119c pocz\u0105tkiem, a nie ko\u0144cem do\u015bwiadczenia.<\/p>\n","protected":false},"excerpt":{"rendered":"<p>Zalet\u0105 (i wad\u0105) mema urbanistycznego jest to, \u017ce skomplikowane problemy i procesy gospodarki przestrzennej przedstawia w formie jednego obrazka ilustruj\u0105cego konkretn\u0105 sytuacj\u0119, kt\u00f3ra w zamy\u015ble autorki lub autora tego opracowania stanowi przyk\u0142ad czy uciele\u015bnienie wi\u0119kszego zjawiska lub skutk\u00f3w jego zaj\u015bcia. Stanowi wi\u0119c graficzn\u0105 wersj\u0119 figury retorycznej pars pro toto opatrzon\u0105 stosownym, czyli prze\u015bmiewczym komentarzem. Dzi\u0119ki &hellip; <\/p>\n<p class=\"link-more\"><a href=\"https:\/\/experimentalurbanism.com\/index.php\/2021\/08\/21\/kogo-smieszy-zagospodarowanie-placu-w-wieleniu\/\" class=\"more-link\">Czytaj dalej<span class=\"screen-reader-text\"> KOGO \u015aMIESZY ZAGOSPODAROWANIE PLACU W WIELENIU?<\/span><\/a><\/p>\n","protected":false},"author":1,"featured_media":0,"comment_status":"open","ping_status":"open","sticky":false,"template":"","format":"standard","meta":[],"categories":[1],"tags":[],"_links":{"self":[{"href":"https:\/\/experimentalurbanism.com\/index.php\/wp-json\/wp\/v2\/posts\/728"}],"collection":[{"href":"https:\/\/experimentalurbanism.com\/index.php\/wp-json\/wp\/v2\/posts"}],"about":[{"href":"https:\/\/experimentalurbanism.com\/index.php\/wp-json\/wp\/v2\/types\/post"}],"author":[{"embeddable":true,"href":"https:\/\/experimentalurbanism.com\/index.php\/wp-json\/wp\/v2\/users\/1"}],"replies":[{"embeddable":true,"href":"https:\/\/experimentalurbanism.com\/index.php\/wp-json\/wp\/v2\/comments?post=728"}],"version-history":[{"count":3,"href":"https:\/\/experimentalurbanism.com\/index.php\/wp-json\/wp\/v2\/posts\/728\/revisions"}],"predecessor-version":[{"id":733,"href":"https:\/\/experimentalurbanism.com\/index.php\/wp-json\/wp\/v2\/posts\/728\/revisions\/733"}],"wp:attachment":[{"href":"https:\/\/experimentalurbanism.com\/index.php\/wp-json\/wp\/v2\/media?parent=728"}],"wp:term":[{"taxonomy":"category","embeddable":true,"href":"https:\/\/experimentalurbanism.com\/index.php\/wp-json\/wp\/v2\/categories?post=728"},{"taxonomy":"post_tag","embeddable":true,"href":"https:\/\/experimentalurbanism.com\/index.php\/wp-json\/wp\/v2\/tags?post=728"}],"curies":[{"name":"wp","href":"https:\/\/api.w.org\/{rel}","templated":true}]}}